{"id":4243,"date":"2025-12-15T14:27:49","date_gmt":"2025-12-15T14:27:49","guid":{"rendered":"https:\/\/campingbujaleuf.com\/tour-mont-gargan\/"},"modified":"2026-01-05T00:42:24","modified_gmt":"2026-01-05T00:42:24","slug":"tour-mont-gargan","status":"publish","type":"post","link":"https:\/\/campingbujaleuf.com\/de\/tour-mont-gargan\/","title":{"rendered":"Tour Mont Gargan"},"content":{"rendered":"\t\t<div data-elementor-type=\"wp-post\" data-elementor-id=\"4243\" class=\"elementor elementor-4243 elementor-2692\" data-elementor-post-type=\"post\">\n\t\t\t\t<div class=\"aux-parallax-section elementor-element elementor-element-876f5c6 e-con-full e-flex e-con e-parent\" data-id=\"876f5c6\" data-element_type=\"container\" data-e-type=\"container\">\n\t\t<div class=\"elementor-element elementor-element-b155e09 e-con-full e-flex e-con e-child\" data-id=\"b155e09\" data-element_type=\"container\" data-e-type=\"container\">\n\t\t\t\t<div class=\"elementor-element elementor-element-1e5066e elementor-align-start aux-appear-watch-animation aux-slide-from-bot elementor-mobile-align-center elementor-icon-list--layout-traditional elementor-list-item-link-full_width elementor-widget elementor-widget-icon-list\" data-id=\"1e5066e\" data-element_type=\"widget\" data-e-type=\"widget\" data-widget_type=\"icon-list.default\">\n\t\t\t\t<div class=\"elementor-widget-container\">\n\t\t\t\t\t\t\t<ul class=\"elementor-icon-list-items\">\n\t\t\t\t\t\t\t<li class=\"elementor-icon-list-item\">\n\t\t\t\t\t\t\t\t\t\t\t<span class=\"elementor-icon-list-icon\">\n\t\t\t\t\t\t\t<svg aria-hidden=\"true\" class=\"e-font-icon-svg e-far-circle\" viewBox=\"0 0 512 512\" xmlns=\"http:\/\/www.w3.org\/2000\/svg\"><path d=\"M256 8C119 8 8 119 8 256s111 248 248 248 248-111 248-248S393 8 256 8zm0 448c-110.5 0-200-89.5-200-200S145.5 56 256 56s200 89.5 200 200-89.5 200-200 200z\"><\/path><\/svg>\t\t\t\t\t\t<\/span>\n\t\t\t\t\t\t\t\t\t\t<span class=\"elementor-icon-list-text\">Wanderweg<\/span>\n\t\t\t\t\t\t\t\t\t<\/li>\n\t\t\t\t\t\t<\/ul>\n\t\t\t\t\t\t<\/div>\n\t\t\t\t<\/div>\n\t\t\t\t<div class=\"elementor-element elementor-element-abbff20 aux-appear-watch-animation aux-fade-in-up-1 elementor-widget elementor-widget-aux_modern_heading\" data-id=\"abbff20\" data-element_type=\"widget\" data-e-type=\"widget\" data-widget_type=\"aux_modern_heading.default\">\n\t\t\t\t<div class=\"elementor-widget-container\">\n\t\t\t\t\t<section class=\"aux-widget-modern-heading\">\n            <div class=\"aux-widget-inner\"><h2 class=\"aux-modern-heading-primary\"><\/h2><h3 class=\"aux-modern-heading-secondary\"><span class=\"aux-head-before\">Tour<\/span><span class=\"aux-head-highlight\">  Mont  <\/span><span class=\"aux-head-after\">Gargan<\/span><\/h3><\/div>\n        <\/section>\t\t\t\t<\/div>\n\t\t\t\t<\/div>\n\t\t\t\t<div class=\"elementor-element elementor-element-9f31fc8 elementor-widget elementor-widget-elementskit-stylish-list\" data-id=\"9f31fc8\" data-element_type=\"widget\" data-e-type=\"widget\" data-widget_type=\"elementskit-stylish-list.default\">\n\t\t\t\t<div class=\"elementor-widget-container\">\n\t\t\t\t\t<div class=\"ekit-wid-con\">\t\t<ul class=\"ekit-stylish-list \" >\n\t\t\t\t\t\t\t<li class=\"ekit-stylish-list-content-wrapper elementor-repeater-item-87347e3\" >\n\t\t\t\t\t\t\t\t\t\t<div class=\"ekit-stylish-list-content\">\n\t\t\t\t\t\t\t\t\t\t\t\t\t\t\t\t\t\t\t<div class=\"ekit-stylish-list-content-icon\">\n\t\t\t\t\t\t\t\t<i aria-hidden=\"true\" class=\"auxicon auxicon-info\"><\/i>\t\t\t\t\t\t\t<\/div>\n\t\t\t\t\t\t\t\t\t\t\t\t\t\t\t\t\t\t<div class=\"ekit-stylish-list-content-text\">\n\t\t\t\t\t\t\t<span class=\"ekit-stylish-list-content-title\">L\u00e4nge der Wanderung 3,5 Kilometer<\/span>\n\t\t\t\t\t\t\t\t\t\t\t\t\t<\/div>\n\t\t\t\t\t\t\t\t\t\t\t<\/div>\n\t\t\t\t<\/li>\n\t\t\t\t\t\t\t\t\t\t\t<li class=\"ekit-stylish-list-content-wrapper elementor-repeater-item-3805a73\" >\n\t\t\t\t\t\t\t\t\t\t<div class=\"ekit-stylish-list-content\">\n\t\t\t\t\t\t\t\t\t\t\t\t\t\t\t\t\t\t\t<div class=\"ekit-stylish-list-content-icon\">\n\t\t\t\t\t\t\t\t<i aria-hidden=\"true\" class=\"auxicon auxicon-map-2\"><\/i>\t\t\t\t\t\t\t<\/div>\n\t\t\t\t\t\t\t\t\t\t\t\t\t\t\t\t\t\t<div class=\"ekit-stylish-list-content-text\">\n\t\t\t\t\t\t\t<span class=\"ekit-stylish-list-content-title\">Startpunkt Parkplatz Mont Gargan<\/span>\n\t\t\t\t\t\t\t\t\t\t\t\t\t<\/div>\n\t\t\t\t\t\t\t\t\t\t\t<\/div>\n\t\t\t\t<\/li>\n\t\t\t\t\t\t\t\t\t\t\t<li class=\"ekit-stylish-list-content-wrapper elementor-repeater-item-6b265dd\" >\n\t\t\t\t\t\t\t\t\t\t<div class=\"ekit-stylish-list-content\">\n\t\t\t\t\t\t\t\t\t\t\t\t\t\t\t\t\t\t\t<div class=\"ekit-stylish-list-content-icon\">\n\t\t\t\t\t\t\t\t<svg class=\"ekit-svg-icon icon-magnifier\" viewBox=\"0 0 32 32\" xmlns=\"http:\/\/www.w3.org\/2000\/svg\"><path d=\"M30.19 30.659l-9.509-10.374c2.143-2.242 3.32-5.173 3.32-8.286 0-3.205-1.248-6.219-3.515-8.485s-5.28-3.515-8.485-3.515-6.219 1.248-8.485 3.515-3.515 5.28-3.515 8.485 1.248 6.219 3.515 8.485 5.28 3.515 8.485 3.515c2.761 0 5.38-0.927 7.501-2.633l9.509 10.373c0.158 0.172 0.374 0.259 0.59 0.259 0.193 0 0.387-0.070 0.54-0.21 0.326-0.299 0.348-0.805 0.049-1.13zM1.6 12c0-5.735 4.665-10.4 10.4-10.4s10.4 4.665 10.4 10.4-4.665 10.4-10.4 10.4-10.4-4.665-10.4-10.4z\"><\/path><\/svg>\t\t\t\t\t\t\t<\/div>\n\t\t\t\t\t\t\t\t\t\t\t\t\t\t\t\t\t\t<div class=\"ekit-stylish-list-content-text\">\n\t\t\t\t\t\t\t<span class=\"ekit-stylish-list-content-title\">360-Grad-Aussichtspunkt<\/span>\n\t\t\t\t\t\t\t\t\t\t\t\t\t<\/div>\n\t\t\t\t\t\t\t\t\t\t\t<\/div>\n\t\t\t\t<\/li>\n\t\t\t\t\t\t\t\t\t\t\t<li class=\"ekit-stylish-list-content-wrapper elementor-repeater-item-c8fdc72\" >\n\t\t\t\t\t\t\t\t\t\t<div class=\"ekit-stylish-list-content\">\n\t\t\t\t\t\t\t\t\t\t\t\t\t\t\t\t\t\t\t<div class=\"ekit-stylish-list-content-icon\">\n\t\t\t\t\t\t\t\t<svg class=\"ekit-svg-icon icon-car-1\" viewBox=\"0 0 32 32\" xmlns=\"http:\/\/www.w3.org\/2000\/svg\"><path d=\"M30.776 12.82l-0.697-0.738-2.448-6.598c-0.417-1.115-1.484-1.853-2.674-1.86h-17.484c-1.19 0-2.256 0.745-2.674 1.86l-2.414 6.516-1.005 0.93c-0.875 0.745-1.381 1.839-1.381 2.988v9.614c0.007 1.573 1.285 2.844 2.858 2.844h1.805c1.573 0 2.851-1.272 2.858-2.844v-1.395h16.957v1.395c0.007 1.573 1.285 2.844 2.858 2.844h1.805c1.573 0 2.851-1.272 2.858-2.844v-9.867c-0.007-1.073-0.444-2.099-1.224-2.844zM6.085 5.949c0.219-0.581 0.773-0.957 1.388-0.957h17.491c0.615 0 1.169 0.383 1.388 0.957l2.133 5.744h-1.593c-0.376-2.564-2.762-4.335-5.326-3.952-2.044 0.301-3.651 1.908-3.952 3.952h-13.662l2.133-5.744zM25.497 11.692h-6.503c0.376-1.798 2.14-2.947 3.938-2.571 1.285 0.274 2.291 1.279 2.564 2.571zM6.154 25.532c-0.007 0.82-0.67 1.477-1.491 1.477h-1.805c-0.821 0-1.484-0.656-1.491-1.477v-1.791c0.41 0.267 0.95 0.397 1.491 0.397h3.296v1.395zM30.632 25.532c-0.007 0.82-0.67 1.477-1.491 1.477h-1.805c-0.82 0-1.484-0.663-1.491-1.477v-1.395h3.296c0.54 0 1.080-0.13 1.491-0.397v1.791zM29.142 22.769h-26.284c-0.814 0.007-1.484-0.643-1.491-1.463v-5.388c0-0.752 0.335-1.47 0.909-1.956 0.007-0.007 0.021-0.021 0.027-0.027l0.93-0.875h25.894l0.656 0.704c0.007 0.014 0.027 0.021 0.034 0.034 0.513 0.485 0.807 1.162 0.807 1.867v5.641h0.007c-0.007 0.814-0.677 1.47-1.491 1.463z\"><\/path><path d=\"M9.026 15.795h-5.128c-0.376 0-0.684 0.308-0.684 0.684v3.556c0 0.376 0.308 0.684 0.684 0.684h5.128c0.376 0 0.684-0.308 0.684-0.684v-3.556c0-0.376-0.308-0.684-0.684-0.684zM8.342 19.35h-3.761v-2.188h3.761v2.188z\"><\/path><path d=\"M28.103 15.795h-5.128c-0.376 0-0.684 0.308-0.684 0.684v3.556c0 0.376 0.308 0.684 0.684 0.684h5.128c0.376 0 0.684-0.308 0.684-0.684v-3.556c0-0.376-0.308-0.684-0.684-0.684zM27.419 19.35h-3.761v-2.188h3.761v2.188z\"><\/path><path d=\"M19.303 18.667h-6.605c-0.376 0-0.684 0.308-0.684 0.684s0.308 0.684 0.684 0.684h6.605c0.376 0 0.684-0.308 0.684-0.684s-0.308-0.684-0.684-0.684z\"><\/path><path d=\"M19.303 16.547h-6.605c-0.376 0-0.684 0.308-0.684 0.684s0.308 0.684 0.684 0.684h6.605c0.376 0 0.684-0.308 0.684-0.684s-0.308-0.684-0.684-0.684z\"><\/path><\/svg>\t\t\t\t\t\t\t<\/div>\n\t\t\t\t\t\t\t\t\t\t\t\t\t\t\t\t\t\t<div class=\"ekit-stylish-list-content-text\">\n\t\t\t\t\t\t\t<span class=\"ekit-stylish-list-content-title\">Die Route liegt 29 km vom Campingplatz entfernt<\/span>\n\t\t\t\t\t\t\t\t\t\t\t\t\t<\/div>\n\t\t\t\t\t\t\t\t\t\t\t<\/div>\n\t\t\t\t<\/li>\n\t\t\t\t\t\t\t\t\t\t\t<li class=\"ekit-stylish-list-content-wrapper elementor-repeater-item-313d22b\" >\n\t\t\t\t\t\t\t\t\t\t\t<a class=\"ekit-wrapper-link\" href=\"https:\/\/campingbujaleuf.com\/wp-content\/uploads\/2025\/12\/Tour-Mont-Gargan.gpx\" aria-label=\"GPX-Route\"><\/a>\n\t\t\t\t\t\t\t\t\t\t<div class=\"ekit-stylish-list-content\">\n\t\t\t\t\t\t\t\t\t\t\t\t\t\t\t\t\t\t\t<div class=\"ekit-stylish-list-content-icon\">\n\t\t\t\t\t\t\t\t<i aria-hidden=\"true\" class=\"icon icon-download\"><\/i>\t\t\t\t\t\t\t<\/div>\n\t\t\t\t\t\t\t\t\t\t\t\t\t\t\t\t\t\t<div class=\"ekit-stylish-list-content-text\">\n\t\t\t\t\t\t\t<span class=\"ekit-stylish-list-content-title\">GPX-Route<\/span>\n\t\t\t\t\t\t\t\t\t\t\t\t\t<\/div>\n\t\t\t\t\t\t\t\t\t\t\t\t\t<div class=\"ekit-stylish-list-content-badge\">\n\t\t\t\t\t\t\t\t<span class=\"elementor-inline-editing\">Herunterladen<\/span>\n\t\t\t\t\t\t\t<\/div>\n\t\t\t\t\t\t\t\t\t\t\t<\/div>\n\t\t\t\t<\/li>\n\t\t\t\t\t\t\t\t\t<\/ul>\n\t<\/div>\t\t\t\t<\/div>\n\t\t\t\t<\/div>\n\t\t\t\t<div class=\"elementor-element elementor-element-1b19e76 elementor-arrows-position-inside elementor-pagination-position-outside elementor-widget elementor-widget-image-carousel\" data-id=\"1b19e76\" data-element_type=\"widget\" data-e-type=\"widget\" data-settings=\"{&quot;slides_to_show&quot;:&quot;1&quot;,&quot;lazyload&quot;:&quot;yes&quot;,&quot;navigation&quot;:&quot;both&quot;,&quot;autoplay&quot;:&quot;yes&quot;,&quot;pause_on_hover&quot;:&quot;yes&quot;,&quot;pause_on_interaction&quot;:&quot;yes&quot;,&quot;autoplay_speed&quot;:5000,&quot;infinite&quot;:&quot;yes&quot;,&quot;effect&quot;:&quot;slide&quot;,&quot;speed&quot;:500}\" data-widget_type=\"image-carousel.default\">\n\t\t\t\t<div class=\"elementor-widget-container\">\n\t\t\t\t\t\t\t<div class=\"elementor-image-carousel-wrapper swiper\" role=\"region\" aria-roledescription=\"carousel\" aria-label=\"Afbeelding carrousel\" dir=\"ltr\">\n\t\t\t<div class=\"elementor-image-carousel swiper-wrapper\" aria-live=\"off\">\n\t\t\t\t\t\t\t\t<div class=\"swiper-slide\" role=\"group\" aria-roledescription=\"slide\" aria-label=\"1 von 8\"><figure class=\"swiper-slide-inner\"><img class=\"swiper-slide-image swiper-lazy\" data-src=\"https:\/\/campingbujaleuf.com\/wp-content\/uploads\/2025\/12\/tour-mont-gargan-6.webp\" alt=\"Tour Mont Gargan 6\" \/><div class=\"swiper-lazy-preloader\"><\/div><\/figure><\/div><div class=\"swiper-slide\" role=\"group\" aria-roledescription=\"slide\" aria-label=\"2 von 8\"><figure class=\"swiper-slide-inner\"><img class=\"swiper-slide-image swiper-lazy\" data-src=\"https:\/\/campingbujaleuf.com\/wp-content\/uploads\/2025\/12\/tour-mont-gargan-8.webp\" alt=\"Tour Mont Gargan 8\" \/><div class=\"swiper-lazy-preloader\"><\/div><\/figure><\/div><div class=\"swiper-slide\" role=\"group\" aria-roledescription=\"slide\" aria-label=\"3 von 8\"><figure class=\"swiper-slide-inner\"><img class=\"swiper-slide-image swiper-lazy\" data-src=\"https:\/\/campingbujaleuf.com\/wp-content\/uploads\/2025\/12\/tour-mont-gargan-7.jpg\" alt=\"Tour Mont Gargan 7\" \/><div class=\"swiper-lazy-preloader\"><\/div><\/figure><\/div><div class=\"swiper-slide\" role=\"group\" aria-roledescription=\"slide\" aria-label=\"4 von 8\"><figure class=\"swiper-slide-inner\"><img class=\"swiper-slide-image swiper-lazy\" data-src=\"https:\/\/campingbujaleuf.com\/wp-content\/uploads\/2025\/12\/tour-mont-gargan-5.webp\" alt=\"Tour Mont Gargan 5\" \/><div class=\"swiper-lazy-preloader\"><\/div><\/figure><\/div><div class=\"swiper-slide\" role=\"group\" aria-roledescription=\"slide\" aria-label=\"5 von 8\"><figure class=\"swiper-slide-inner\"><img class=\"swiper-slide-image swiper-lazy\" data-src=\"https:\/\/campingbujaleuf.com\/wp-content\/uploads\/2025\/12\/tour-mont-gargan-4.jpg\" alt=\"Tour Mont Gargan 4\" \/><div class=\"swiper-lazy-preloader\"><\/div><\/figure><\/div><div class=\"swiper-slide\" role=\"group\" aria-roledescription=\"slide\" aria-label=\"6 von 8\"><figure class=\"swiper-slide-inner\"><img class=\"swiper-slide-image swiper-lazy\" data-src=\"https:\/\/campingbujaleuf.com\/wp-content\/uploads\/2025\/12\/tour-mont-gargan-3.webp\" alt=\"Tour Mont Gargan 3\" \/><div class=\"swiper-lazy-preloader\"><\/div><\/figure><\/div><div class=\"swiper-slide\" role=\"group\" aria-roledescription=\"slide\" aria-label=\"7 von 8\"><figure class=\"swiper-slide-inner\"><img class=\"swiper-slide-image swiper-lazy\" data-src=\"https:\/\/campingbujaleuf.com\/wp-content\/uploads\/2025\/12\/tour-mont-gargan-9.webp\" alt=\"Tour Mont Gargan 9\" \/><div class=\"swiper-lazy-preloader\"><\/div><\/figure><\/div><div class=\"swiper-slide\" role=\"group\" aria-roledescription=\"slide\" aria-label=\"8 von 8\"><figure class=\"swiper-slide-inner\"><img class=\"swiper-slide-image swiper-lazy\" data-src=\"https:\/\/campingbujaleuf.com\/wp-content\/uploads\/2025\/12\/tour-mont-gargan-2.webp\" alt=\"Tour Mont Gargan 2\" \/><div class=\"swiper-lazy-preloader\"><\/div><\/figure><\/div>\t\t\t<\/div>\n\t\t\t\t\t\t\t\t\t\t\t\t<div class=\"elementor-swiper-button elementor-swiper-button-prev\" role=\"button\" tabindex=\"0\">\n\t\t\t\t\t\t<svg aria-hidden=\"true\" class=\"e-font-icon-svg e-eicon-chevron-left\" viewBox=\"0 0 1000 1000\" xmlns=\"http:\/\/www.w3.org\/2000\/svg\"><path d=\"M646 125C629 125 613 133 604 142L308 442C296 454 292 471 292 487 292 504 296 521 308 533L604 854C617 867 629 875 646 875 663 875 679 871 692 858 704 846 713 829 713 812 713 796 708 779 692 767L438 487 692 225C700 217 708 204 708 187 708 171 704 154 692 142 675 129 663 125 646 125Z\"><\/path><\/svg>\t\t\t\t\t<\/div>\n\t\t\t\t\t<div class=\"elementor-swiper-button elementor-swiper-button-next\" role=\"button\" tabindex=\"0\">\n\t\t\t\t\t\t<svg aria-hidden=\"true\" class=\"e-font-icon-svg e-eicon-chevron-right\" viewBox=\"0 0 1000 1000\" xmlns=\"http:\/\/www.w3.org\/2000\/svg\"><path d=\"M696 533C708 521 713 504 713 487 713 471 708 454 696 446L400 146C388 133 375 125 354 125 338 125 325 129 313 142 300 154 292 171 292 187 292 204 296 221 308 233L563 492 304 771C292 783 288 800 288 817 288 833 296 850 308 863 321 871 338 875 354 875 371 875 388 867 400 854L696 533Z\"><\/path><\/svg>\t\t\t\t\t<\/div>\n\t\t\t\t\n\t\t\t\t\t\t\t\t\t<div class=\"swiper-pagination\"><\/div>\n\t\t\t\t\t\t\t\t\t<\/div>\n\t\t\t\t\t\t<\/div>\n\t\t\t\t<\/div>\n\t\t\t\t<div class=\"elementor-element elementor-element-fe70ae5 aux-appear-watch-animation aux-fade-in-up-1 elementor-widget elementor-widget-aux_modern_heading\" data-id=\"fe70ae5\" data-element_type=\"widget\" data-e-type=\"widget\" data-widget_type=\"aux_modern_heading.default\">\n\t\t\t\t<div class=\"elementor-widget-container\">\n\t\t\t\t\t<section class=\"aux-widget-modern-heading\">\n            <div class=\"aux-widget-inner\"><h2 class=\"aux-modern-heading-primary\"><\/h2><h3 class=\"aux-modern-heading-secondary\"><span class=\"aux-head-before\">\u00dcber<\/span><span class=\"aux-head-highlight\"> die Route<\/span><\/h3><div class=\"aux-modern-heading-description\"><p>Dieser 360-Grad-Aussichtspunkt \u00fcber das Zentralmassiv und die weite Umgebung liegt auf 730 Metern H\u00f6he. Bei klarem Wetter kann man hier Dutzende Kilometer weit sehen. Das Video unten vermittelt einen guten Eindruck von dem Ort.  <\/p><p>Auf der Route l\u00e4uft man zuerst links um den Gipfel herum, dann nach oben und schlie\u00dflich \u00fcber eine imposante Allee mit jahrhundertealten B\u00e4umen wieder hinunter.<\/p><\/div><\/div>\n        <\/section>\t\t\t\t<\/div>\n\t\t\t\t<\/div>\n\t\t\t\t<div class=\"elementor-element elementor-element-82d2794 elementor-widget__width-initial elementor-widget elementor-widget-video\" data-id=\"82d2794\" data-element_type=\"widget\" data-e-type=\"widget\" data-settings=\"{&quot;youtube_url&quot;:&quot;https:\\\/\\\/youtu.be\\\/vNzJDeHYHgI&quot;,&quot;lazy_load&quot;:&quot;yes&quot;,&quot;video_type&quot;:&quot;youtube&quot;,&quot;controls&quot;:&quot;yes&quot;}\" data-widget_type=\"video.default\">\n\t\t\t\t<div class=\"elementor-widget-container\">\n\t\t\t\t\t\t\t<div class=\"elementor-wrapper elementor-open-inline\">\n\t\t\t<div class=\"elementor-video\"><\/div>\t\t<\/div>\n\t\t\t\t\t\t<\/div>\n\t\t\t\t<\/div>\n\t\t\t\t<div class=\"elementor-element elementor-element-470aab6 elementor-widget-divider--view-line_icon elementor-view-default elementor-widget-divider--element-align-center elementor-widget elementor-widget-divider\" data-id=\"470aab6\" data-element_type=\"widget\" data-e-type=\"widget\" data-widget_type=\"divider.default\">\n\t\t\t\t<div class=\"elementor-widget-container\">\n\t\t\t\t\t\t\t<div class=\"elementor-divider\">\n\t\t\t<span class=\"elementor-divider-separator\">\n\t\t\t\t\t\t\t<div class=\"elementor-icon elementor-divider__element\">\n\t\t\t\t\t<svg aria-hidden=\"true\" class=\"e-font-icon-svg e-far-circle\" viewBox=\"0 0 512 512\" xmlns=\"http:\/\/www.w3.org\/2000\/svg\"><path d=\"M256 8C119 8 8 119 8 256s111 248 248 248 248-111 248-248S393 8 256 8zm0 448c-110.5 0-200-89.5-200-200S145.5 56 256 56s200 89.5 200 200-89.5 200-200 200z\"><\/path><\/svg><\/div>\n\t\t\t\t\t\t<\/span>\n\t\t<\/div>\n\t\t\t\t\t\t<\/div>\n\t\t\t\t<\/div>\n\t\t\t\t<\/div>\n\t\t\t\t<\/div>\n\t\t<div class=\"aux-parallax-section elementor-element elementor-element-5386e46 e-con-full e-flex e-con e-parent\" data-id=\"5386e46\" data-element_type=\"container\" data-e-type=\"container\">\n\t\t\t\t<div class=\"elementor-element elementor-element-0dda597 elementor-widget elementor-widget-shortcode\" data-id=\"0dda597\" data-element_type=\"widget\" data-e-type=\"widget\" data-widget_type=\"shortcode.default\">\n\t\t\t\t<div class=\"elementor-widget-container\">\n\t\t\t\t\t\t\t<div class=\"elementor-shortcode\">\t\t<div data-elementor-type=\"container\" data-elementor-id=\"3795\" class=\"elementor elementor-3795 elementor-2662 elementor-2662\" data-elementor-post-type=\"elementor_library\">\n\t\t\t\t<div class=\"aux-parallax-section elementor-element elementor-element-5a40ef3d e-con-full e-flex e-con e-parent\" data-id=\"5a40ef3d\" data-element_type=\"container\" data-e-type=\"container\" data-settings=\"{&quot;background_background&quot;:&quot;classic&quot;}\">\n\t\t\t\t<div class=\"elementor-element elementor-element-22b7a9b9 elementor-align-center aux-appear-watch-animation aux-slide-from-bot elementor-mobile-align-center elementor-icon-list--layout-traditional elementor-list-item-link-full_width elementor-widget elementor-widget-icon-list\" data-id=\"22b7a9b9\" data-element_type=\"widget\" data-e-type=\"widget\" data-widget_type=\"icon-list.default\">\n\t\t\t\t<div class=\"elementor-widget-container\">\n\t\t\t\t\t\t\t<ul class=\"elementor-icon-list-items\">\n\t\t\t\t\t\t\t<li class=\"elementor-icon-list-item\">\n\t\t\t\t\t\t\t\t\t\t\t<span class=\"elementor-icon-list-icon\">\n\t\t\t\t\t\t\t<svg aria-hidden=\"true\" class=\"e-font-icon-svg e-far-circle\" viewBox=\"0 0 512 512\" xmlns=\"http:\/\/www.w3.org\/2000\/svg\"><path d=\"M256 8C119 8 8 119 8 256s111 248 248 248 248-111 248-248S393 8 256 8zm0 448c-110.5 0-200-89.5-200-200S145.5 56 256 56s200 89.5 200 200-89.5 200-200 200z\"><\/path><\/svg>\t\t\t\t\t\t<\/span>\n\t\t\t\t\t\t\t\t\t\t<span class=\"elementor-icon-list-text\">Genug Auswahl<\/span>\n\t\t\t\t\t\t\t\t\t<\/li>\n\t\t\t\t\t\t<\/ul>\n\t\t\t\t\t\t<\/div>\n\t\t\t\t<\/div>\n\t\t\t\t<div class=\"elementor-element elementor-element-4d99670b aux-appear-watch-animation aux-fade-in-up-1 elementor-widget elementor-widget-aux_modern_heading\" data-id=\"4d99670b\" data-element_type=\"widget\" data-e-type=\"widget\" data-widget_type=\"aux_modern_heading.default\">\n\t\t\t\t<div class=\"elementor-widget-container\">\n\t\t\t\t\t<section class=\"aux-widget-modern-heading\">\n            <div class=\"aux-widget-inner\"><h2 class=\"aux-modern-heading-primary\"><\/h2><h3 class=\"aux-modern-heading-secondary\"><span class=\"aux-head-before\">Wander-<\/span><span class=\"aux-head-highlight\"> Routen<\/span><\/h3><\/div>\n        <\/section>\t\t\t\t<\/div>\n\t\t\t\t<\/div>\n\t\t\t\t<div class=\"elementor-element elementor-element-5c92823 elementor-widget elementor-widget-elementskit-blog-posts\" data-id=\"5c92823\" data-element_type=\"widget\" data-e-type=\"widget\" data-widget_type=\"elementskit-blog-posts.default\">\n\t\t\t\t<div class=\"elementor-widget-container\">\n\t\t\t\t\t<div class=\"ekit-wid-con\" >\n        <div id=\"post-items--5c92823\" class=\"row post-items ekit-blog-posts-content wihout-masonry \" data-enable=\"no\">\n\n\t\t\t<!-- Blog Carousel markup render -->\n\t\t\t\n\n            <div class=\"col-lg-4 col-md-6\">\n\n                                    <div class=\"elementskit-post-image-card\">\n                        <div class=\"elementskit-entry-header\">\n                                                            <a href=\"https:\/\/campingbujaleuf.com\/de\/rundweg-prieure-de-lartige\/\" class=\"elementskit-entry-thumb\">\n                                    <img decoding=\"async\" src=\"https:\/\/campingbujaleuf.com\/wp-content\/uploads\/2025\/12\/circuit-prieure-de-lartige-4.jpg\" alt=\"Rundweg Prieur\u00e9 de l&#8217;Artige\">\n                                <\/a><!-- .elementskit-entry-thumb END -->\n                                                            \n                            \n                                                    <\/div><!-- .elementskit-entry-header END -->\n\n                        <div class=\"elementskit-post-body \">\n                            \n                                                                                                                        \n                                        \n                                        \t\t\t\t\t\t\t\t\t\t                <h2 class=\"entry-title\">\n                    <a href=\"https:\/\/campingbujaleuf.com\/de\/rundweg-prieure-de-lartige\/\">\n                            Rundweg Prieur\u00e9 de l&#8217;Artige                    <\/a>\n                <\/h2>\n                                                                                                                                                                                            <p>8 km langer Wanderweg, der kurz vor St. Leonard de Noblat beginnt. Die Route f\u00fchrt an der alten M\u00fchle von Artige vorbei.<\/p>\n                                                                                                                                                <\/div><!-- .elementskit-post-body END -->\n                    <\/div>\n                \n            <\/div>\t\t\t\t\n\n            <div class=\"col-lg-4 col-md-6\">\n\n                                    <div class=\"elementskit-post-image-card\">\n                        <div class=\"elementskit-entry-header\">\n                                                            <a href=\"https:\/\/campingbujaleuf.com\/de\/rundweg-mont-larron-16\/\" class=\"elementskit-entry-thumb\">\n                                    <img decoding=\"async\" src=\"https:\/\/campingbujaleuf.com\/wp-content\/uploads\/2025\/12\/boucle-du-mont-larron-2.jpg\" alt=\"Rundweg Mont Larron 16\">\n                                <\/a><!-- .elementskit-entry-thumb END -->\n                                                            \n                            \n                                                    <\/div><!-- .elementskit-entry-header END -->\n\n                        <div class=\"elementskit-post-body \">\n                            \n                                                                                                                        \n                                        \n                                        \t\t\t\t\t\t\t\t\t\t                <h2 class=\"entry-title\">\n                    <a href=\"https:\/\/campingbujaleuf.com\/de\/rundweg-mont-larron-16\/\">\n                            Rundweg Mont Larron 16                    <\/a>\n                <\/h2>\n                                                                                                                                                                                            <p>16 km lange Wanderroute, die an der kleinen Kirche in St. Julien le Petit beginnt. Es gibt auch eine 10 km lange Variante dieser Wanderung.<\/p>\n                                                                                                                                                <\/div><!-- .elementskit-post-body END -->\n                    <\/div>\n                \n            <\/div>\t\t\t\t\n\n            <div class=\"col-lg-4 col-md-6\">\n\n                                    <div class=\"elementskit-post-image-card\">\n                        <div class=\"elementskit-entry-header\">\n                                                            <a href=\"https:\/\/campingbujaleuf.com\/de\/rundweg-mont-larron\/\" class=\"elementskit-entry-thumb\">\n                                    <img decoding=\"async\" src=\"https:\/\/campingbujaleuf.com\/wp-content\/uploads\/2025\/12\/boucle-du-mont-larron-5.webp\" alt=\"Rundweg Mont Larron\">\n                                <\/a><!-- .elementskit-entry-thumb END -->\n                                                            \n                            \n                                                    <\/div><!-- .elementskit-entry-header END -->\n\n                        <div class=\"elementskit-post-body \">\n                            \n                                                                                                                        \n                                        \n                                        \t\t\t\t\t\t\t\t\t\t                <h2 class=\"entry-title\">\n                    <a href=\"https:\/\/campingbujaleuf.com\/de\/rundweg-mont-larron\/\">\n                            Rundweg Mont Larron                    <\/a>\n                <\/h2>\n                                                                                                                                                                                            <p>10 km langer Wanderweg, der am Steinbruch von St. Julien le Petit beginnt.<\/p>\n                                                                                                                                                <\/div><!-- .elementskit-post-body END -->\n                    <\/div>\n                \n            <\/div>\t\t\t\t        <\/div>\n\n\n        <\/div>\t\t\t\t<\/div>\n\t\t\t\t<\/div>\n\t\t\t\t<div class=\"elementor-element elementor-element-a0dbb87 aux-appear-watch-animation aux-fade-in-up-1 elementor-widget elementor-widget-aux_modern_button\" data-id=\"a0dbb87\" data-element_type=\"widget\" data-e-type=\"widget\" data-widget_type=\"aux_modern_button.default\">\n\t\t\t\t<div class=\"elementor-widget-container\">\n\t\t\t\t\t    <div class=\"aux-modern-button-wrapper aux-modern-button-align-center\" >\n                    <a class=\"aux-modern-button aux-black aux-modern-button-md aux-modern-button-normal aux-modern-button-default aux-icon-right\" href=\"https:\/\/campingbujaleuf.com\/wandelroutes-in-en-rondom-bujaleuf-limousin\/\">\n                <div class=\"aux-overlay\"><\/div>\n                                    <div class=\"aux-icon \">\n                        <svg class=\"ekit-svg-icon icon-arrow-right\" viewBox=\"0 0 32 32\" xmlns=\"http:\/\/www.w3.org\/2000\/svg\"><path d=\"M30.966 16.234l-9.6-9.6c-0.312-0.312-0.819-0.312-1.131 0s-0.312 0.819 0 1.131l8.234 8.234h-26.069c-0.442 0-0.8 0.358-0.8 0.8s0.358 0.8 0.8 0.8h26.069l-8.234 8.234c-0.312 0.312-0.312 0.819 0 1.131 0.156 0.156 0.361 0.234 0.566 0.234s0.409-0.078 0.566-0.234l9.6-9.6c0.312-0.312 0.312-0.819 0-1.131z\"><\/path><\/svg>                    <\/div>\n                                <div class=\"aux-text\">\n<span class=\"aux-text-before\">Mehr Wanderungen<\/span>                <\/div>\n            <\/a>\n            \n    <\/div>\n\n    \t\t\t\t<\/div>\n\t\t\t\t<\/div>\n\t\t\t\t<\/div>\n\t\t\t\t<\/div>\n\t\t<\/div>\n\t\t\t\t\t\t<\/div>\n\t\t\t\t<\/div>\n\t\t\t\t<\/div>\n\t\t\t\t<\/div>\n\t\t","protected":false},"excerpt":{"rendered":"<p>Wanderroute von 3,5 km rund um und auf dem Mont Gargan. Ein 360-Grad-Aussichtspunkt \u00fcber das Zentralmassiv und die weite Umgebung. <\/p>\n","protected":false},"author":1,"featured_media":4244,"comment_status":"open","ping_status":"open","sticky":false,"template":"","format":"standard","meta":{"footnotes":""},"categories":[43,44],"tags":[],"class_list":["post-4243","post","type-post","status-publish","format-standard","has-post-thumbnail","hentry","category-01-05-km","category-wanderungen"],"yoast_head":"<!-- This site is optimized with the Yoast SEO plugin v27.4 - https:\/\/yoast.com\/product\/yoast-seo-wordpress\/ -->\n<title>Tour Mont Gargan - Camping du Lac de Bujaleuf<\/title>\n<meta name=\"robots\" content=\"index, follow, max-snippet:-1, max-image-preview:large, max-video-preview:-1\" \/>\n<link rel=\"canonical\" href=\"https:\/\/campingbujaleuf.com\/de\/tour-mont-gargan\/\" \/>\n<meta property=\"og:locale\" content=\"de_DE\" \/>\n<meta property=\"og:type\" content=\"article\" \/>\n<meta property=\"og:title\" content=\"Tour Mont Gargan - Camping du Lac de Bujaleuf\" \/>\n<meta property=\"og:description\" content=\"Wanderroute von 3,5 km rund um und auf dem Mont Gargan. Ein 360-Grad-Aussichtspunkt \u00fcber das Zentralmassiv und die weite Umgebung.\" \/>\n<meta property=\"og:url\" content=\"https:\/\/campingbujaleuf.com\/de\/tour-mont-gargan\/\" \/>\n<meta property=\"og:site_name\" content=\"Camping du Lac de Bujaleuf\" \/>\n<meta property=\"article:publisher\" content=\"https:\/\/business.facebook.com\/campingbujaleuf\/\" \/>\n<meta property=\"article:published_time\" content=\"2025-12-15T14:27:49+00:00\" \/>\n<meta property=\"article:modified_time\" content=\"2026-01-05T00:42:24+00:00\" \/>\n<meta property=\"og:image\" content=\"https:\/\/campingbujaleuf.com\/wp-content\/uploads\/2025\/12\/tour-mont-gargan-5.webp\" \/>\n\t<meta property=\"og:image:width\" content=\"750\" \/>\n\t<meta property=\"og:image:height\" content=\"500\" \/>\n\t<meta property=\"og:image:type\" content=\"image\/webp\" \/>\n<meta name=\"author\" content=\"Mike\" \/>\n<meta name=\"twitter:card\" content=\"summary_large_image\" \/>\n<meta name=\"twitter:label1\" content=\"Verfasst von\" \/>\n\t<meta name=\"twitter:data1\" content=\"Mike\" \/>\n<script type=\"application\/ld+json\" class=\"yoast-schema-graph\">{\"@context\":\"https:\\\/\\\/schema.org\",\"@graph\":[{\"@type\":\"Article\",\"@id\":\"https:\\\/\\\/campingbujaleuf.com\\\/de\\\/tour-mont-gargan\\\/#article\",\"isPartOf\":{\"@id\":\"https:\\\/\\\/campingbujaleuf.com\\\/de\\\/tour-mont-gargan\\\/\"},\"author\":{\"name\":\"Mike\",\"@id\":\"https:\\\/\\\/campingbujaleuf.com\\\/#\\\/schema\\\/person\\\/67a1f386db9a33d6308e0afd4095bfe2\"},\"headline\":\"Tour Mont Gargan\",\"datePublished\":\"2025-12-15T14:27:49+00:00\",\"dateModified\":\"2026-01-05T00:42:24+00:00\",\"mainEntityOfPage\":{\"@id\":\"https:\\\/\\\/campingbujaleuf.com\\\/de\\\/tour-mont-gargan\\\/\"},\"wordCount\":97,\"commentCount\":0,\"publisher\":{\"@id\":\"https:\\\/\\\/campingbujaleuf.com\\\/#organization\"},\"image\":{\"@id\":\"https:\\\/\\\/campingbujaleuf.com\\\/de\\\/tour-mont-gargan\\\/#primaryimage\"},\"thumbnailUrl\":\"https:\\\/\\\/campingbujaleuf.com\\\/wp-content\\\/uploads\\\/2025\\\/12\\\/tour-mont-gargan-5.webp\",\"articleSection\":[\"01 - 05 km\",\"Wanderungen\"],\"inLanguage\":\"de\",\"potentialAction\":[{\"@type\":\"CommentAction\",\"name\":\"Comment\",\"target\":[\"https:\\\/\\\/campingbujaleuf.com\\\/de\\\/tour-mont-gargan\\\/#respond\"]}]},{\"@type\":\"WebPage\",\"@id\":\"https:\\\/\\\/campingbujaleuf.com\\\/de\\\/tour-mont-gargan\\\/\",\"url\":\"https:\\\/\\\/campingbujaleuf.com\\\/de\\\/tour-mont-gargan\\\/\",\"name\":\"Tour Mont Gargan - Camping du Lac de Bujaleuf\",\"isPartOf\":{\"@id\":\"https:\\\/\\\/campingbujaleuf.com\\\/#website\"},\"primaryImageOfPage\":{\"@id\":\"https:\\\/\\\/campingbujaleuf.com\\\/de\\\/tour-mont-gargan\\\/#primaryimage\"},\"image\":{\"@id\":\"https:\\\/\\\/campingbujaleuf.com\\\/de\\\/tour-mont-gargan\\\/#primaryimage\"},\"thumbnailUrl\":\"https:\\\/\\\/campingbujaleuf.com\\\/wp-content\\\/uploads\\\/2025\\\/12\\\/tour-mont-gargan-5.webp\",\"datePublished\":\"2025-12-15T14:27:49+00:00\",\"dateModified\":\"2026-01-05T00:42:24+00:00\",\"breadcrumb\":{\"@id\":\"https:\\\/\\\/campingbujaleuf.com\\\/de\\\/tour-mont-gargan\\\/#breadcrumb\"},\"inLanguage\":\"de\",\"potentialAction\":[{\"@type\":\"ReadAction\",\"target\":[\"https:\\\/\\\/campingbujaleuf.com\\\/de\\\/tour-mont-gargan\\\/\"]}]},{\"@type\":\"ImageObject\",\"inLanguage\":\"de\",\"@id\":\"https:\\\/\\\/campingbujaleuf.com\\\/de\\\/tour-mont-gargan\\\/#primaryimage\",\"url\":\"https:\\\/\\\/campingbujaleuf.com\\\/wp-content\\\/uploads\\\/2025\\\/12\\\/tour-mont-gargan-5.webp\",\"contentUrl\":\"https:\\\/\\\/campingbujaleuf.com\\\/wp-content\\\/uploads\\\/2025\\\/12\\\/tour-mont-gargan-5.webp\",\"width\":750,\"height\":500},{\"@type\":\"BreadcrumbList\",\"@id\":\"https:\\\/\\\/campingbujaleuf.com\\\/de\\\/tour-mont-gargan\\\/#breadcrumb\",\"itemListElement\":[{\"@type\":\"ListItem\",\"position\":1,\"name\":\"Home\",\"item\":\"https:\\\/\\\/campingbujaleuf.com\\\/de\\\/kleiner-terrassencamping-in-frankreich-mit-niederlaendischem-besitzer\\\/\"},{\"@type\":\"ListItem\",\"position\":2,\"name\":\"Tour Mont Gargan\"}]},{\"@type\":\"WebSite\",\"@id\":\"https:\\\/\\\/campingbujaleuf.com\\\/#website\",\"url\":\"https:\\\/\\\/campingbujaleuf.com\\\/\",\"name\":\"Camping du Lac de Bujaleuf\",\"description\":\"C&#039;est Formidable \ud83e\udd29\",\"publisher\":{\"@id\":\"https:\\\/\\\/campingbujaleuf.com\\\/#organization\"},\"potentialAction\":[{\"@type\":\"SearchAction\",\"target\":{\"@type\":\"EntryPoint\",\"urlTemplate\":\"https:\\\/\\\/campingbujaleuf.com\\\/?s={search_term_string}\"},\"query-input\":{\"@type\":\"PropertyValueSpecification\",\"valueRequired\":true,\"valueName\":\"search_term_string\"}}],\"inLanguage\":\"de\"},{\"@type\":\"Organization\",\"@id\":\"https:\\\/\\\/campingbujaleuf.com\\\/#organization\",\"name\":\"Camping du Lac de Bujaleuf\",\"url\":\"https:\\\/\\\/campingbujaleuf.com\\\/\",\"logo\":{\"@type\":\"ImageObject\",\"inLanguage\":\"de\",\"@id\":\"https:\\\/\\\/campingbujaleuf.com\\\/#\\\/schema\\\/logo\\\/image\\\/\",\"url\":\"https:\\\/\\\/campingbujaleuf.com\\\/wp-content\\\/uploads\\\/2025\\\/10\\\/Camping-du-Lac-de-Bujaleuf-logo-top.webp\",\"contentUrl\":\"https:\\\/\\\/campingbujaleuf.com\\\/wp-content\\\/uploads\\\/2025\\\/10\\\/Camping-du-Lac-de-Bujaleuf-logo-top.webp\",\"width\":225,\"height\":84,\"caption\":\"Camping du Lac de Bujaleuf\"},\"image\":{\"@id\":\"https:\\\/\\\/campingbujaleuf.com\\\/#\\\/schema\\\/logo\\\/image\\\/\"},\"sameAs\":[\"https:\\\/\\\/business.facebook.com\\\/campingbujaleuf\\\/\",\"https:\\\/\\\/www.instagram.com\\\/campingbujaleuf\\\/\"]},{\"@type\":\"Person\",\"@id\":\"https:\\\/\\\/campingbujaleuf.com\\\/#\\\/schema\\\/person\\\/67a1f386db9a33d6308e0afd4095bfe2\",\"name\":\"Mike\",\"image\":{\"@type\":\"ImageObject\",\"inLanguage\":\"de\",\"@id\":\"https:\\\/\\\/campingbujaleuf.com\\\/wp-content\\\/litespeed\\\/avatar\\\/f0d64f7511f7fbce5b3b86563900dcd4.jpg?ver=1777316988\",\"url\":\"https:\\\/\\\/campingbujaleuf.com\\\/wp-content\\\/litespeed\\\/avatar\\\/f0d64f7511f7fbce5b3b86563900dcd4.jpg?ver=1777316988\",\"contentUrl\":\"https:\\\/\\\/campingbujaleuf.com\\\/wp-content\\\/litespeed\\\/avatar\\\/f0d64f7511f7fbce5b3b86563900dcd4.jpg?ver=1777316988\",\"caption\":\"Mike\"},\"sameAs\":[\"https:\\\/\\\/campingbujaleuf.com\"],\"url\":\"https:\\\/\\\/campingbujaleuf.com\\\/de\\\/author\\\/info_s4idw57d\\\/\"}]}<\/script>\n<!-- \/ Yoast SEO plugin. -->","yoast_head_json":{"title":"Tour Mont Gargan - Camping du Lac de Bujaleuf","robots":{"index":"index","follow":"follow","max-snippet":"max-snippet:-1","max-image-preview":"max-image-preview:large","max-video-preview":"max-video-preview:-1"},"canonical":"https:\/\/campingbujaleuf.com\/de\/tour-mont-gargan\/","og_locale":"de_DE","og_type":"article","og_title":"Tour Mont Gargan - Camping du Lac de Bujaleuf","og_description":"Wanderroute von 3,5 km rund um und auf dem Mont Gargan. Ein 360-Grad-Aussichtspunkt \u00fcber das Zentralmassiv und die weite Umgebung.","og_url":"https:\/\/campingbujaleuf.com\/de\/tour-mont-gargan\/","og_site_name":"Camping du Lac de Bujaleuf","article_publisher":"https:\/\/business.facebook.com\/campingbujaleuf\/","article_published_time":"2025-12-15T14:27:49+00:00","article_modified_time":"2026-01-05T00:42:24+00:00","og_image":[{"width":750,"height":500,"url":"https:\/\/campingbujaleuf.com\/wp-content\/uploads\/2025\/12\/tour-mont-gargan-5.webp","type":"image\/webp"}],"author":"Mike","twitter_card":"summary_large_image","twitter_misc":{"Verfasst von":"Mike"},"schema":{"@context":"https:\/\/schema.org","@graph":[{"@type":"Article","@id":"https:\/\/campingbujaleuf.com\/de\/tour-mont-gargan\/#article","isPartOf":{"@id":"https:\/\/campingbujaleuf.com\/de\/tour-mont-gargan\/"},"author":{"name":"Mike","@id":"https:\/\/campingbujaleuf.com\/#\/schema\/person\/67a1f386db9a33d6308e0afd4095bfe2"},"headline":"Tour Mont Gargan","datePublished":"2025-12-15T14:27:49+00:00","dateModified":"2026-01-05T00:42:24+00:00","mainEntityOfPage":{"@id":"https:\/\/campingbujaleuf.com\/de\/tour-mont-gargan\/"},"wordCount":97,"commentCount":0,"publisher":{"@id":"https:\/\/campingbujaleuf.com\/#organization"},"image":{"@id":"https:\/\/campingbujaleuf.com\/de\/tour-mont-gargan\/#primaryimage"},"thumbnailUrl":"https:\/\/campingbujaleuf.com\/wp-content\/uploads\/2025\/12\/tour-mont-gargan-5.webp","articleSection":["01 - 05 km","Wanderungen"],"inLanguage":"de","potentialAction":[{"@type":"CommentAction","name":"Comment","target":["https:\/\/campingbujaleuf.com\/de\/tour-mont-gargan\/#respond"]}]},{"@type":"WebPage","@id":"https:\/\/campingbujaleuf.com\/de\/tour-mont-gargan\/","url":"https:\/\/campingbujaleuf.com\/de\/tour-mont-gargan\/","name":"Tour Mont Gargan - Camping du Lac de Bujaleuf","isPartOf":{"@id":"https:\/\/campingbujaleuf.com\/#website"},"primaryImageOfPage":{"@id":"https:\/\/campingbujaleuf.com\/de\/tour-mont-gargan\/#primaryimage"},"image":{"@id":"https:\/\/campingbujaleuf.com\/de\/tour-mont-gargan\/#primaryimage"},"thumbnailUrl":"https:\/\/campingbujaleuf.com\/wp-content\/uploads\/2025\/12\/tour-mont-gargan-5.webp","datePublished":"2025-12-15T14:27:49+00:00","dateModified":"2026-01-05T00:42:24+00:00","breadcrumb":{"@id":"https:\/\/campingbujaleuf.com\/de\/tour-mont-gargan\/#breadcrumb"},"inLanguage":"de","potentialAction":[{"@type":"ReadAction","target":["https:\/\/campingbujaleuf.com\/de\/tour-mont-gargan\/"]}]},{"@type":"ImageObject","inLanguage":"de","@id":"https:\/\/campingbujaleuf.com\/de\/tour-mont-gargan\/#primaryimage","url":"https:\/\/campingbujaleuf.com\/wp-content\/uploads\/2025\/12\/tour-mont-gargan-5.webp","contentUrl":"https:\/\/campingbujaleuf.com\/wp-content\/uploads\/2025\/12\/tour-mont-gargan-5.webp","width":750,"height":500},{"@type":"BreadcrumbList","@id":"https:\/\/campingbujaleuf.com\/de\/tour-mont-gargan\/#breadcrumb","itemListElement":[{"@type":"ListItem","position":1,"name":"Home","item":"https:\/\/campingbujaleuf.com\/de\/kleiner-terrassencamping-in-frankreich-mit-niederlaendischem-besitzer\/"},{"@type":"ListItem","position":2,"name":"Tour Mont Gargan"}]},{"@type":"WebSite","@id":"https:\/\/campingbujaleuf.com\/#website","url":"https:\/\/campingbujaleuf.com\/","name":"Camping du Lac de Bujaleuf","description":"C&#039;est Formidable \ud83e\udd29","publisher":{"@id":"https:\/\/campingbujaleuf.com\/#organization"},"potentialAction":[{"@type":"SearchAction","target":{"@type":"EntryPoint","urlTemplate":"https:\/\/campingbujaleuf.com\/?s={search_term_string}"},"query-input":{"@type":"PropertyValueSpecification","valueRequired":true,"valueName":"search_term_string"}}],"inLanguage":"de"},{"@type":"Organization","@id":"https:\/\/campingbujaleuf.com\/#organization","name":"Camping du Lac de Bujaleuf","url":"https:\/\/campingbujaleuf.com\/","logo":{"@type":"ImageObject","inLanguage":"de","@id":"https:\/\/campingbujaleuf.com\/#\/schema\/logo\/image\/","url":"https:\/\/campingbujaleuf.com\/wp-content\/uploads\/2025\/10\/Camping-du-Lac-de-Bujaleuf-logo-top.webp","contentUrl":"https:\/\/campingbujaleuf.com\/wp-content\/uploads\/2025\/10\/Camping-du-Lac-de-Bujaleuf-logo-top.webp","width":225,"height":84,"caption":"Camping du Lac de Bujaleuf"},"image":{"@id":"https:\/\/campingbujaleuf.com\/#\/schema\/logo\/image\/"},"sameAs":["https:\/\/business.facebook.com\/campingbujaleuf\/","https:\/\/www.instagram.com\/campingbujaleuf\/"]},{"@type":"Person","@id":"https:\/\/campingbujaleuf.com\/#\/schema\/person\/67a1f386db9a33d6308e0afd4095bfe2","name":"Mike","image":{"@type":"ImageObject","inLanguage":"de","@id":"https:\/\/campingbujaleuf.com\/wp-content\/litespeed\/avatar\/f0d64f7511f7fbce5b3b86563900dcd4.jpg?ver=1777316988","url":"https:\/\/campingbujaleuf.com\/wp-content\/litespeed\/avatar\/f0d64f7511f7fbce5b3b86563900dcd4.jpg?ver=1777316988","contentUrl":"https:\/\/campingbujaleuf.com\/wp-content\/litespeed\/avatar\/f0d64f7511f7fbce5b3b86563900dcd4.jpg?ver=1777316988","caption":"Mike"},"sameAs":["https:\/\/campingbujaleuf.com"],"url":"https:\/\/campingbujaleuf.com\/de\/author\/info_s4idw57d\/"}]}},"_links":{"self":[{"href":"https:\/\/campingbujaleuf.com\/de\/wp-json\/wp\/v2\/posts\/4243","targetHints":{"allow":["GET"]}}],"collection":[{"href":"https:\/\/campingbujaleuf.com\/de\/wp-json\/wp\/v2\/posts"}],"about":[{"href":"https:\/\/campingbujaleuf.com\/de\/wp-json\/wp\/v2\/types\/post"}],"author":[{"embeddable":true,"href":"https:\/\/campingbujaleuf.com\/de\/wp-json\/wp\/v2\/users\/1"}],"replies":[{"embeddable":true,"href":"https:\/\/campingbujaleuf.com\/de\/wp-json\/wp\/v2\/comments?post=4243"}],"version-history":[{"count":1,"href":"https:\/\/campingbujaleuf.com\/de\/wp-json\/wp\/v2\/posts\/4243\/revisions"}],"predecessor-version":[{"id":4253,"href":"https:\/\/campingbujaleuf.com\/de\/wp-json\/wp\/v2\/posts\/4243\/revisions\/4253"}],"wp:featuredmedia":[{"embeddable":true,"href":"https:\/\/campingbujaleuf.com\/de\/wp-json\/wp\/v2\/media\/4244"}],"wp:attachment":[{"href":"https:\/\/campingbujaleuf.com\/de\/wp-json\/wp\/v2\/media?parent=4243"}],"wp:term":[{"taxonomy":"category","embeddable":true,"href":"https:\/\/campingbujaleuf.com\/de\/wp-json\/wp\/v2\/categories?post=4243"},{"taxonomy":"post_tag","embeddable":true,"href":"https:\/\/campingbujaleuf.com\/de\/wp-json\/wp\/v2\/tags?post=4243"}],"curies":[{"name":"wp","href":"https:\/\/api.w.org\/{rel}","templated":true}]}}